{"id":2150,"date":"2021-12-29T19:35:09","date_gmt":"2021-12-29T18:35:09","guid":{"rendered":"http:\/\/pegase-21.com\/?p=2150"},"modified":"2021-12-29T23:02:59","modified_gmt":"2021-12-29T22:02:59","slug":"n-12-eric-legrand","status":"publish","type":"post","link":"https:\/\/pegase-21.com\/index.php\/2021\/12\/29\/n-12-eric-legrand\/","title":{"rendered":"n\u00b0 12 &#8211; \u00c9ric Legrand"},"content":{"rendered":"\n<p>\u00c9ric Legrand est un guitariste hors norme, aussi \u00e0 l&rsquo;aise dans le rock et le blues, musiques de ses premi\u00e8res amours que dans le swing du jazz manouche. S&rsquo;il ma\u00eetrise son instrument c&rsquo;est le r\u00e9sultat d&rsquo;un travail acharn\u00e9 ! <\/p>\n\n\n\n<p>Jamais \u00e0 cours de projets, d\u00e9couvrez cet artiste dans ce n\u00b0 12 de d\u00e9cembre 2021.<\/p>\n\n\n\n<div class=\"wp-block-image\"><figure class=\"aligncenter size-large is-resized\"><img loading=\"lazy\" src=\"https:\/\/pegase-21.com\/wp-content\/uploads\/2021\/12\/0.-Eric-260394866_426263005670288_7631536098430823025_n-1024x954.jpg\" alt=\"\" class=\"wp-image-2184\" width=\"323\" height=\"301\" srcset=\"https:\/\/pegase-21.com\/wp-content\/uploads\/2021\/12\/0.-Eric-260394866_426263005670288_7631536098430823025_n-1024x954.jpg 1024w, https:\/\/pegase-21.com\/wp-content\/uploads\/2021\/12\/0.-Eric-260394866_426263005670288_7631536098430823025_n-300x279.jpg 300w, https:\/\/pegase-21.com\/wp-content\/uploads\/2021\/12\/0.-Eric-260394866_426263005670288_7631536098430823025_n-768x716.jpg 768w, https:\/\/pegase-21.com\/wp-content\/uploads\/2021\/12\/0.-Eric-260394866_426263005670288_7631536098430823025_n-1536x1431.jpg 1536w, https:\/\/pegase-21.com\/wp-content\/uploads\/2021\/12\/0.-Eric-260394866_426263005670288_7631536098430823025_n.jpg 2048w\" sizes=\"(max-width: 323px) 100vw, 323px\" \/><figcaption>Eric Legrand avec sa Eastwood Archtop<\/figcaption><\/figure><\/div>\n\n\n\n<p><strong><em>Te souviens-tu de ta premi\u00e8re guitare&nbsp;?<\/em><\/strong><\/p>\n\n\n\n<p class=\"has-vivid-cyan-blue-color has-text-color\">Oui la premi\u00e8re guitare sur laquelle j\u2019ai jou\u00e9 c\u2019\u00e9tait celle de mon p\u00e8re, une classique mais avec des cordes en acier et avec un cordier et un chevalet comme sur les guitares \u00ab\u00a0<em>Selmer<\/em>\u00a0\u00bb de Django Reinhardt. Ensuite je me suis achet\u00e9 une guitare classique d\u2019occasion.<\/p>\n\n\n\n<p><strong><em>Quel \u00e9tait ton premier vinyle&nbsp;?<\/em><\/strong><\/p>\n\n\n\n<p class=\"has-vivid-cyan-blue-color has-text-color\">Mon premier vinyle, c\u2019\u00e9tait \u00ab\u00a0<em>Les Marquises\u00a0\u00bb<\/em> de Jacques Brel. Je ne connaissais pas bien le chanteur mais j\u2019en avais entendu parl\u00e9 et la pochette m\u2019avais plu. C&rsquo;est en faisant les courses avec ma m\u00e8re dans un supermarch\u00e9 qu&rsquo;elle me l&rsquo;a achet\u00e9e.<\/p>\n\n\n\n<p><strong><em>Quels musiciens aimais-tu, quels groupes \u00e9coutais-tu&nbsp;?<\/em><\/strong><\/p>\n\n\n\n<p class=\"has-vivid-cyan-blue-color has-text-color\">Mon groupe pr\u00e9f\u00e9r\u00e9, c\u2019\u00e9tait T\u00e9l\u00e9phone, mais j&rsquo;aimais aussi Renaud et ensuite Jacques Higelin. Il se trouve que mon p\u00e8re avait fait son Service Militaire avec lui, alors il m&rsquo;en parlait souvent et donc je l&rsquo;ai beaucoup \u00e9cout\u00e9. J&rsquo;aimais ce qu&rsquo;il faisait. Je me souviens de mes premiers \u00ab&nbsp;d\u00e9collages&nbsp;\u00bb sur des morceaux d\u2019Higelin.<\/p>\n\n\n\n<p class=\"has-vivid-cyan-blue-color has-text-color\">Mais la grosse r\u00e9v\u00e9lation pour moi au niveau \u00ab\u00a0guitaristique\u00a0\u00bb, ce fut Jimi Hendrix. Je l&rsquo;ai d\u00e9couvert vers l&rsquo;\u00e2ge de 16 ans et \u00e7a a \u00e9t\u00e9 le choc !! Je commen\u00e7ais \u00e0 jouer de la guitare \u00e9lectrique et le son que Jimi sortait avec la sienne \u00e9tait incroyable. C&rsquo;\u00e9tait d&rsquo;une autre dimension de tout ce que j&rsquo;avais \u00e9cout\u00e9 jusque l\u00e0. J&rsquo;\u00e9tais \u00e0 l\u2019aff\u00fbt de tout ce qui le concernait, ses albums, son histoire. Il avait en plus des autres ce cot\u00e9 hyper cr\u00e9atif, sa musique, son look, sa fa\u00e7on de bouger sur sc\u00e8ne&#8230;<\/p>\n\n\n\n<p class=\"has-vivid-cyan-blue-color has-text-color\">Ensuite, vers l&rsquo;\u00e2ge de 21 ans, j&rsquo;ai d\u00e9couvert Stevie Ray Vaughan avec le live \u00ab\u00a0At the El Mocambo\u00a0\u00bb. J&rsquo;ai tout de suite aim\u00e9 sa connexion \u00e0 Jimi Hendrix, le son \u00e9tait incroyable avec un sens de l&rsquo;improvisation extraordinaire., <\/p>\n\n\n\n<p class=\"has-vivid-cyan-blue-color has-text-color\">Sont venus ensuite les groupes de fusion Red Hot Chili Peppers, Living Colours&#8230; c&rsquo;est le cot\u00e9 cr\u00e9atif, nourri d&rsquo;influences aussi diverses que le rock, le blues, la funk, le m\u00e9tal qui m&rsquo;a plu et l&rsquo;influence de Jimi est tr\u00e8s pr\u00e9sente.<\/p>\n\n\n\n<p><strong><em>Comment as-tu appris la guitare&nbsp;? As-tu suivi une formation, un enseignement&nbsp;?<\/em><\/strong><\/p>\n\n\n\n<p class=\"has-vivid-cyan-blue-color has-text-color\">Les premiers accords c\u2019est mon p\u00e8re qui me les a montr\u00e9 \u00e0 l\u2019age de 10 ans environ, ensuite j&rsquo;ai repiqu\u00e9 des morceaux de Renaud avec un copain, puis, petit \u00e0 petit, j&rsquo;ai reproduis tout ce que j\u2019entendais \u00e0 la radio et qui me plaisait.<\/p>\n\n\n\n<p class=\"has-vivid-cyan-blue-color has-text-color\">Avec la d\u00e9couverte d\u2019Hendrix a commenc\u00e9 un vrai travail de d\u00e9chiffrage sur les vinyles du guitariste. Le premier morceau que j&rsquo;ai appris a \u00e9t\u00e9 \u00ab\u00a0Hey Joe\u00a0\u00bb, mais ensuite j&rsquo;ai travaill\u00e9 tous les grands classiques \u00ab\u00a0Little Wing\u00a0\u00bb, \u00ab\u00a0Fire\u00a0\u00bb, \u00ab\u00a0Purple Haze\u00a0\u00bb, \u00ab\u00a0Hey Baby\u00a0\u00bb \u2026<\/p>\n\n\n\n<p class=\"has-vivid-cyan-blue-color has-text-color\">J&rsquo;aimais particuli\u00e8rement le live \u00ab\u00a0Band of Gypsy\u00a0\u00bb. J&rsquo;ai m\u00eame \u00e0 l&rsquo;\u00e9poque mont\u00e9 un groupe de \u00ab&nbsp;tribute&nbsp;\u00bb \u00e0 l&rsquo;artiste dans lequel je jouais avec ma premi\u00e8re guitare Stratocaster, un mod\u00e8le japonais.<\/p>\n\n\n\n<p class=\"has-vivid-cyan-blue-color has-text-color\">Puis j&rsquo;ai commenc\u00e9 le jazz avec mon ami de toujours William Morin avec qui je d\u00e9cortique les standards.<\/p>\n\n\n\n<div class=\"wp-block-image\"><figure class=\"aligncenter size-large is-resized\"><img loading=\"lazy\" src=\"https:\/\/pegase-21.com\/wp-content\/uploads\/2021\/12\/1.-21728944-1024x683.jpg\" alt=\"\" class=\"wp-image-2186\" width=\"332\" height=\"221\" srcset=\"https:\/\/pegase-21.com\/wp-content\/uploads\/2021\/12\/1.-21728944-1024x683.jpg 1024w, https:\/\/pegase-21.com\/wp-content\/uploads\/2021\/12\/1.-21728944-300x200.jpg 300w, https:\/\/pegase-21.com\/wp-content\/uploads\/2021\/12\/1.-21728944-768x512.jpg 768w, https:\/\/pegase-21.com\/wp-content\/uploads\/2021\/12\/1.-21728944-1536x1024.jpg 1536w, https:\/\/pegase-21.com\/wp-content\/uploads\/2021\/12\/1.-21728944.jpg 2048w\" sizes=\"(max-width: 332px) 100vw, 332px\" \/><figcaption>Eric Legrand<\/figcaption><\/figure><\/div>\n\n\n\n<p class=\"has-vivid-cyan-blue-color has-text-color\">C&rsquo;est \u00e0 25 ans que j&rsquo;ai entam\u00e9 une formation pro au Centre des Musiques Actuelles de Valenciennes. J&rsquo;y ai d\u00e9couvert les bases de l\u2019harmonie et de l\u2019improvisation.<\/p>\n\n\n\n<p><strong><em>Avec des potes tu cr\u00e9es le groupe \u00ab&nbsp;Myk\u00e9rinos&nbsp;\u00bb. C&rsquo;est ton premier groupe&nbsp;?<\/em><\/strong><\/p>\n\n\n\n<p class=\"has-vivid-cyan-blue-color has-text-color\">Non mais c&rsquo;est le premier vraiment \u00ab&nbsp;s\u00e9rieux&nbsp;\u00bb avec lequel on va faire beaucoup de compositions et concerts.<\/p>\n\n\n\n<p><strong><em>Qui \u00e9taient les musiciens&nbsp;? Que jouaient-ils&nbsp;?<\/em><\/strong><\/p>\n\n\n\n<p class=\"has-vivid-cyan-blue-color has-text-color\">A la base, il y avait Pierre Naviez \u00e0 la batterie et Vincent Crapet \u00e0 la basse. On a \u00e9t\u00e9 rejoint par Cyril, un chanteur d&rsquo;Aulnoye-Aymeries, qui a ensuite \u00e9t\u00e9 remplac\u00e9 par Thomas Gallus.<\/p>\n\n\n\n<div class=\"wp-block-image\"><figure class=\"aligncenter size-large is-resized\"><img loading=\"lazy\" src=\"https:\/\/pegase-21.com\/wp-content\/uploads\/2021\/12\/Mykerinos.jpg\" alt=\"\" class=\"wp-image-2187\" width=\"323\" height=\"354\" srcset=\"https:\/\/pegase-21.com\/wp-content\/uploads\/2021\/12\/Mykerinos.jpg 655w, https:\/\/pegase-21.com\/wp-content\/uploads\/2021\/12\/Mykerinos-273x300.jpg 273w\" sizes=\"(max-width: 323px) 100vw, 323px\" \/><figcaption>Le groupe Myk\u00e9rinos avec Eric Legrand, Pierre Naviez, Thomas Gallus et Yannick Hennebert<\/figcaption><\/figure><\/div>\n\n\n\n<p><strong><em>Quel \u00e9tait le r\u00e9pertoire&nbsp;? O\u00f9 jouiez-vous&nbsp;?<\/em><\/strong><\/p>\n\n\n\n<p class=\"has-vivid-cyan-blue-color has-text-color\">C&rsquo;\u00e9tait un r\u00e9pertoire de compositions influenc\u00e9es rock fusion. On jouait surtout dans les bars et les petits festivals de la r\u00e9gion, dans l&rsquo;Avesnois et le Cambr\u00e9sis.<\/p>\n\n\n\n<p><strong><em>Comment est n\u00e9 Calamity Jam&nbsp;? Qui \u00e9taient les musiciens&nbsp;?<\/em><\/strong><\/p>\n\n\n\n<p class=\"has-vivid-cyan-blue-color has-text-color\">Calamity Jam \u00e9tait un groupe avec un r\u00e9pertoire de reprises uniquement. Il y avait Christophe Moiret au chant, Yannick Hennebert \u00e0 la basse, toujours Pierre Naviez \u00e0 la batterie. On avait envie de jouer des morceaux qu\u2019on aimait bien.<\/p>\n\n\n\n<div class=\"wp-block-image\"><figure class=\"aligncenter size-large\"><img loading=\"lazy\" width=\"342\" height=\"296\" src=\"https:\/\/pegase-21.com\/wp-content\/uploads\/2021\/12\/Calamity-Jam.jpg\" alt=\"\" class=\"wp-image-2189\" srcset=\"https:\/\/pegase-21.com\/wp-content\/uploads\/2021\/12\/Calamity-Jam.jpg 342w, https:\/\/pegase-21.com\/wp-content\/uploads\/2021\/12\/Calamity-Jam-300x260.jpg 300w\" sizes=\"(max-width: 342px) 100vw, 342px\" \/><figcaption>Le groupe Calamity Jam avec Eric Legrand, Pierre Naviez, Vincent Crapet <br>et le saxophoniste Laurent Le Quint<\/figcaption><\/figure><\/div>\n\n\n\n<p><strong><em>Ensuite tu rejoins plusieurs formations&nbsp;?<\/em><\/strong><\/p>\n\n\n\n<p class=\"has-vivid-cyan-blue-color has-text-color\">Au Centre des Musiques Actuelles, j\u2019ai nou\u00e9 des contacts et rejoins \u00ab&nbsp;Youkounkoun&nbsp;\u00bb un groupe de Lille avec Freddy Holleville comme batteur.<\/p>\n\n\n\n<p class=\"has-vivid-cyan-blue-color has-text-color\">Quand j&rsquo;ai fait mon Service Civique comme objecteur de conscience \u00e0 la Maison des Jeunes et de la Culture de Saint-Andr\u00e9-Lez-Lille, j&rsquo;ai rencontr\u00e9 Freddy qui m&rsquo;a appel\u00e9 en renfort lorsque son groupe a enregistr\u00e9 son album. Le courant est bien pass\u00e9 et j&rsquo;ai int\u00e9gr\u00e9 le groupe.<\/p>\n\n\n\n<p class=\"has-vivid-cyan-blue-color has-text-color\">Freddy m&rsquo;a ensuite propos\u00e9 de jouer avec son groupe \u00ab&nbsp;M\u00e9mo&nbsp;\u00bb.<\/p>\n\n\n\n<figure class=\"wp-block-image size-large\"><img loading=\"lazy\" width=\"719\" height=\"502\" src=\"https:\/\/pegase-21.com\/wp-content\/uploads\/2021\/12\/1.-Memo-2.jpg\" alt=\"\" class=\"wp-image-2196\" srcset=\"https:\/\/pegase-21.com\/wp-content\/uploads\/2021\/12\/1.-Memo-2.jpg 719w, https:\/\/pegase-21.com\/wp-content\/uploads\/2021\/12\/1.-Memo-2-300x209.jpg 300w\" sizes=\"(max-width: 719px) 100vw, 719px\" \/><figcaption>Le groupe \u00ab\u00a0M\u00e9mo\u00a0\u00bb<\/figcaption><\/figure>\n\n\n\n<p class=\"has-vivid-cyan-blue-color has-text-color\">Puis est venu le groupe Biddi Buzz, qui comprenait les m\u00eames musiciens que Calamity Jam avec Cyril Jonnot en plus \u00e0 la guitare.<\/p>\n\n\n\n<p class=\"has-vivid-cyan-blue-color has-text-color\">Pour le r\u00e9pertoire, on s&rsquo;est remis \u00e0 composer des morceaux dans le style rock fusion \u00e9nerv\u00e9.<\/p>\n\n\n\n<p class=\"has-black-color has-text-color\"><strong><em>A un moment, tu t&rsquo;es mis au style Jazz Manouche et tu as cr\u00e9\u00e9 Manaswing&nbsp;?<\/em><\/strong><\/p>\n\n\n\n<p class=\"has-vivid-cyan-blue-color has-text-color\">Apr\u00e8s une p\u00e9riode assez calme musicalement, je d\u00e9cide de me consacrer au style jazz manouche. Ce qui m\u2019int\u00e9ressait, c\u2019\u00e9tait le cot\u00e9 libre de jouer juste avec une guitare acoustique, pas d\u2019ampli, pas d&rsquo;effets, pas besoin de gros matos, et il y a une grosse part consacr\u00e9e \u00e0 l\u2019improvisation.<\/p>\n\n\n\n<p class=\"has-vivid-cyan-blue-color has-text-color\">Pendant un an je ne travaille que \u00e7a, sur les disques de Django Reinhardt, diff\u00e9rentes m\u00e9thodes,  master-class &#8230; Le gros challenge c\u2019est d&rsquo;arriver \u00e0 d\u00e9coller le poignet droit de la caisse de guitare. C&rsquo;est une technique totalement diff\u00e9rente de la guitare \u00e9lectrique.<\/p>\n\n\n\n<figure class=\"wp-block-image size-large\"><img loading=\"lazy\" width=\"1024\" height=\"817\" src=\"https:\/\/pegase-21.com\/wp-content\/uploads\/2021\/12\/Eric-photo-Beaussart-1024x817.jpg\" alt=\"\" class=\"wp-image-2193\" srcset=\"https:\/\/pegase-21.com\/wp-content\/uploads\/2021\/12\/Eric-photo-Beaussart-1024x817.jpg 1024w, https:\/\/pegase-21.com\/wp-content\/uploads\/2021\/12\/Eric-photo-Beaussart-300x239.jpg 300w, https:\/\/pegase-21.com\/wp-content\/uploads\/2021\/12\/Eric-photo-Beaussart-768x613.jpg 768w, https:\/\/pegase-21.com\/wp-content\/uploads\/2021\/12\/Eric-photo-Beaussart-1536x1226.jpg 1536w, https:\/\/pegase-21.com\/wp-content\/uploads\/2021\/12\/Eric-photo-Beaussart.jpg 1664w\" sizes=\"(max-width: 1024px) 100vw, 1024px\" \/><figcaption>Eric Legrand &#8211; Festival Aix-Noulette 2017 \/ \u00a9 Beaussart Christophe<\/figcaption><\/figure>\n\n\n\n<p class=\"has-vivid-cyan-blue-color has-text-color\">C\u2019\u00e9tait en 2005. A l&rsquo;\u00e9poque, je travaille au magasin Angel-Musique, et c\u2019est l\u00e0 que je rencontre J\u00e9r\u00e9mie Caulliez qui \u00e9tait en stage. <\/p>\n\n\n\n<p class=\"has-vivid-cyan-blue-color has-text-color\">C&rsquo;est avec lui que je monte Manaswing en duo au d\u00e9part, puis Yann G\u00e9rardin nous a rejoins \u00e0 la contrebasse. <\/p>\n\n\n\n<p class=\"has-vivid-cyan-blue-color has-text-color\">En 2008, nous enregistrons un premier album \u00ab\u00a0Vent du Nord\u00a0\u00bb avec 10 titres.<\/p>\n\n\n\n<div class=\"wp-block-image\"><figure class=\"aligncenter size-large is-resized\"><img loading=\"lazy\" src=\"https:\/\/pegase-21.com\/wp-content\/uploads\/2021\/12\/1.-maxresdefault.jpg\" alt=\"\" class=\"wp-image-2198\" width=\"330\" height=\"317\" srcset=\"https:\/\/pegase-21.com\/wp-content\/uploads\/2021\/12\/1.-maxresdefault.jpg 749w, https:\/\/pegase-21.com\/wp-content\/uploads\/2021\/12\/1.-maxresdefault-300x288.jpg 300w\" sizes=\"(max-width: 330px) 100vw, 330px\" \/><figcaption>Manaswing : 1er album \u00ab\u00a0Vent du Nord\u00a0\u00bb \/ 2008 \u2117 Les Productions Driwa<\/figcaption><\/figure><\/div>\n\n\n\n<p class=\"has-vivid-cyan-blue-color has-text-color\"> L&rsquo;accord\u00e9oniste Sonia R\u00e9kis nous rejoint pour enregistrer un des titres et int\u00e8gre ensuite le groupe.<\/p>\n\n\n\n<figure class=\"wp-block-embed-youtube wp-block-embed is-type-video is-provider-youtube wp-embed-aspect-4-3 wp-has-aspect-ratio\"><div class=\"wp-block-embed__wrapper\">\n<iframe loading=\"lazy\" title=\"Manaswing duo 3 Lou chaumadou\" width=\"825\" height=\"619\" src=\"https:\/\/www.youtube.com\/embed\/YWSOmk7npKA?feature=oembed\" frameborder=\"0\" allow=\"accelerometer; autoplay; clipboard-write; encrypted-media; gyroscope; picture-in-picture\" allowfullscreen><\/iframe>\n<\/div><figcaption>Manaswing en duo au Garage-Caf\u00e9 de Cambrai \/ vid\u00e9o Ed Becquart<\/figcaption><\/figure>\n\n\n\n<p class=\"has-vivid-cyan-blue-color has-text-color\">En 2012, lors de l&rsquo;enregistrement du deuxi\u00e8me album \u00ab\u00a0Le Sentier du Tr\u00e8fle\u00a0\u00bb, Erich Pralat remplace Yann \u00e0 la contrebasse\u2026 et nous partons pour une aventure en trio, guitare, contrebasse et accord\u00e9on.<\/p>\n\n\n\n<div class=\"wp-block-image\"><figure class=\"aligncenter size-large\"><img loading=\"lazy\" width=\"486\" height=\"486\" src=\"https:\/\/pegase-21.com\/wp-content\/uploads\/2021\/12\/1.-sentier-du-trefle-486x486bb.png\" alt=\"\" class=\"wp-image-2174\" srcset=\"https:\/\/pegase-21.com\/wp-content\/uploads\/2021\/12\/1.-sentier-du-trefle-486x486bb.png 486w, https:\/\/pegase-21.com\/wp-content\/uploads\/2021\/12\/1.-sentier-du-trefle-486x486bb-300x300.png 300w, https:\/\/pegase-21.com\/wp-content\/uploads\/2021\/12\/1.-sentier-du-trefle-486x486bb-150x150.png 150w\" sizes=\"(max-width: 486px) 100vw, 486px\" \/><figcaption>Album \u00ab\u00a0Le Sentier du Tr\u00e8fle\u00a0\u00bb \/ 2012 \u2117 Les Productions Driwa<\/figcaption><\/figure><\/div>\n\n\n\n<p class=\"has-black-color has-text-color\"><em><strong>\u00ab&nbsp;La Balade de Tom&nbsp;\u00bb est un album un peu particulier&nbsp;?<\/strong><\/em><\/p>\n\n\n\n<p class=\"has-vivid-cyan-blue-color has-text-color\">C&rsquo;est le dernier album de Manaswing. J\u2019ai \u00e9crit cet album avec en t\u00eate une histoire, qui traite des sujets qui me tiennent \u00e0 c\u0153ur comme la nature, la pollution, la surconsommation, la spiritualit\u00e9.<\/p>\n\n\n\n<p class=\"has-vivid-cyan-blue-color has-text-color\">En ce qui concerne l&rsquo;enregistrement, nous sommes revenus au trio classique&nbsp;: deux guitares et une contrebasse. J\u00e9rome Lermusieaux et moi \u00e0 la guitare, Hubert Fardel \u00e0 la contrebasse.<\/p>\n\n\n\n<figure class=\"wp-block-embed-youtube wp-block-embed is-type-video is-provider-youtube wp-embed-aspect-16-9 wp-has-aspect-ratio\"><div class=\"wp-block-embed__wrapper\">\n<iframe loading=\"lazy\" title=\"Manaswing &quot;La Balade de Tom&quot; au Pacbo - 25 01 2019\" width=\"825\" height=\"464\" src=\"https:\/\/www.youtube.com\/embed\/8GZr5EUL6gs?feature=oembed\" frameborder=\"0\" allow=\"accelerometer; autoplay; clipboard-write; encrypted-media; gyroscope; picture-in-picture\" allowfullscreen><\/iframe>\n<\/div><figcaption>\u00ab\u00a0La Balade de Tom\u00a0\u00bb &#8211; Concert au Pacbo d&rsquo;Orchies le 25 janvier 2019<\/figcaption><\/figure>\n\n\n\n<p><em>D<strong>es rencontres, tu en as fait beaucoup&nbsp;? Des collaborations aussi&nbsp;<em><strong>(Michel Calleja, Dominique Rouquier, Sabrina Yactine etc&#8230;) ?<\/strong><\/em><\/strong><\/em><\/p>\n\n\n\n<p class=\"has-vivid-cyan-blue-color has-text-color\">En 2005, j\u2019ai pu rencontrer des musiciens tel que Bireli Lagrenne dont nous avons fait la premi\u00e8re partie \u00e0 la Maison de la Culture et des Loisirs de Gauchy dans l&rsquo;Aisne.<\/p>\n\n\n\n<figure class=\"wp-block-embed-youtube wp-block-embed is-type-video is-provider-youtube wp-embed-aspect-4-3 wp-has-aspect-ratio\"><div class=\"wp-block-embed__wrapper\">\n<iframe loading=\"lazy\" title=\"Jazz manouche avec Manaswing\" width=\"825\" height=\"619\" src=\"https:\/\/www.youtube.com\/embed\/m-bSd3N1DUU?feature=oembed\" frameborder=\"0\" allow=\"accelerometer; autoplay; clipboard-write; encrypted-media; gyroscope; picture-in-picture\" allowfullscreen><\/iframe>\n<\/div><figcaption>Maison de la Culture et des Loisirs de Gauchy \u2013 1\u00e8re partie du concert de Bireli Lagrenne<\/figcaption><\/figure>\n\n\n\n<p class=\"has-vivid-cyan-blue-color has-text-color\">Puis d\u2019autres guitaristes du style tel que Yorgui Loefler, Benoit Convert, Fappy Lafertin, Le groupe Les Doigts de l\u2019Homme, Stochelo Rosenberg, Tchavolo Shmitt.<\/p>\n\n\n\n<p class=\"has-vivid-cyan-blue-color has-text-color\">Avec Michel Calleja nous avons fait quelques concerts en duo, c\u2019est un guitariste du Valenciennois amoureux du style jazz manouche. Il m\u2019a pr\u00e9sent\u00e9 son fils Ben, tr\u00e8s bon guitariste \u00e9galement, avec qui nous avons aussi fait quelques gigs.<\/p>\n\n\n\n<div class=\"wp-block-image\"><figure class=\"aligncenter size-large is-resized\"><img loading=\"lazy\" src=\"https:\/\/pegase-21.com\/wp-content\/uploads\/2021\/12\/calleja-legrand.jpg\" alt=\"\" class=\"wp-image-2213\" width=\"417\" height=\"337\" srcset=\"https:\/\/pegase-21.com\/wp-content\/uploads\/2021\/12\/calleja-legrand-300x241.jpg 300w, https:\/\/pegase-21.com\/wp-content\/uploads\/2021\/12\/calleja-legrand-768x618.jpg 768w\" sizes=\"(max-width: 417px) 100vw, 417px\" \/><figcaption>Eric et Michel au Bistro de Lolo  \u00e0 Saint Saulve<\/figcaption><\/figure><\/div>\n\n\n\n<p class=\"has-vivid-cyan-blue-color has-text-color\">Sabrina Yactine m\u2019a propos\u00e9 de monter un duo autour des standards de jazz. Nous avons tourn\u00e9 quelques temps ensemble.<\/p>\n\n\n\n<div class=\"wp-block-image\"><figure class=\"aligncenter size-large is-resized\"><img loading=\"lazy\" src=\"https:\/\/pegase-21.com\/wp-content\/uploads\/2021\/12\/1.-Sabrina-1-photo-Jose-Pendje.jpg\" alt=\"\" class=\"wp-image-2169\" width=\"321\" height=\"428\" srcset=\"https:\/\/pegase-21.com\/wp-content\/uploads\/2021\/12\/1.-Sabrina-1-photo-Jose-Pendje.jpg 750w, https:\/\/pegase-21.com\/wp-content\/uploads\/2021\/12\/1.-Sabrina-1-photo-Jose-Pendje-225x300.jpg 225w\" sizes=\"(max-width: 321px) 100vw, 321px\" \/><figcaption>Eric Legrand et Sabrina Yactine \/ \u00a9 Jos\u00e9 Pendje<\/figcaption><\/figure><\/div>\n\n\n\n<p class=\"has-vivid-cyan-blue-color has-text-color\">Dominique Rouquier fait partie du quintette jazz \u00ab&nbsp;Les Pommes de ma douche&nbsp;\u00bb. Je l\u2019ai crois\u00e9 lors d\u2019un festival en Picardie, nous avons sympathis\u00e9 lors de la soir\u00e9e apr\u00e8s le concert.<\/p>\n\n\n\n<figure class=\"wp-block-embed-youtube wp-block-embed is-type-video is-provider-youtube wp-embed-aspect-4-3 wp-has-aspect-ratio\"><div class=\"wp-block-embed__wrapper\">\n<iframe loading=\"lazy\" title=\"En duo avec Dominique Rouquier (Les pommes de ma douches)\" width=\"825\" height=\"619\" src=\"https:\/\/www.youtube.com\/embed\/954-ELUYXFc?feature=oembed\" frameborder=\"0\" allow=\"accelerometer; autoplay; clipboard-write; encrypted-media; gyroscope; picture-in-picture\" allowfullscreen><\/iframe>\n<\/div><figcaption>Eric Legrand en duo avec Dominique Rouquier <br>dans les coulisses du Festival Famili Jazz de Guise (Aisne)<\/figcaption><\/figure>\n\n\n\n<p><em><strong>Parle-nous de Band of Luna Gypsy&nbsp;!<\/strong><\/em><\/p>\n\n\n\n<p class=\"has-vivid-cyan-blue-color has-text-color\">Luna Gypsy est un projet que j\u2019ai mont\u00e9 toujours sur une musique influenc\u00e9 Gypsy mais avec du chant en la personne de Didier Recollet. Didier est le chanteur de Double Face et \u00e9tait le chanteur de Mamaketchup.<\/p>\n\n\n\n<p class=\"has-vivid-cyan-blue-color has-text-color\">Nous \u00e9tions quatre avec Freddy Holleville \u00e0 la batterie et Jean Pierre Fourment \u00e0 la contrebasse.<\/p>\n\n\n\n<figure class=\"wp-block-embed-youtube wp-block-embed is-type-video is-provider-youtube wp-embed-aspect-16-9 wp-has-aspect-ratio\"><div class=\"wp-block-embed__wrapper\">\n<iframe loading=\"lazy\" title=\"LUNA GYPSY\" width=\"825\" height=\"464\" src=\"https:\/\/www.youtube.com\/embed\/QfeR0H10Jy8?feature=oembed\" frameborder=\"0\" allow=\"accelerometer; autoplay; clipboard-write; encrypted-media; gyroscope; picture-in-picture\" allowfullscreen><\/iframe>\n<\/div><figcaption>Teaser de pr\u00e9sentation du groupe \u00ab\u00a0Luna Gypsy\u00a0\u00bb jazz manouche et chanson swing<br>\u2117 Les Productions Driwa<\/figcaption><\/figure>\n\n\n\n<p><em><strong>Et de Double Face&nbsp;!<\/strong><\/em><\/p>\n\n\n\n<p class=\"has-vivid-cyan-blue-color has-text-color\">Double Face est un duo avec Didier Recollet au chant et \u00e0 la guitare, avec un r\u00e9pertoire de reprises de chansons fran\u00e7aises.<\/p>\n\n\n\n<figure class=\"wp-block-embed-youtube wp-block-embed is-type-video is-provider-youtube wp-embed-aspect-16-9 wp-has-aspect-ratio\"><div class=\"wp-block-embed__wrapper\">\n<iframe loading=\"lazy\" title=\"DOUBLE FACE (chanson swing)\" width=\"825\" height=\"464\" src=\"https:\/\/www.youtube.com\/embed\/ja5THRwSZiI?feature=oembed\" frameborder=\"0\" allow=\"accelerometer; autoplay; clipboard-write; encrypted-media; gyroscope; picture-in-picture\" allowfullscreen><\/iframe>\n<\/div><figcaption>Teaser de pr\u00e9sentation du groupe \u00ab\u00a0Luna Gypsy\u00a0\u00bb jazz manouche et chanson swing<br>\u2117 Driwa Production<\/figcaption><\/figure>\n\n\n\n<p><strong><em>Malgr\u00e9 le contexte actuel difficile, tu as un nouveau projet en t\u00eate&nbsp;?<\/em><\/strong><\/p>\n\n\n\n<p class=\"has-vivid-cyan-blue-color has-text-color\">Je monte en ce moment un nouveau projet autour des musiques qui ont marqu\u00e9 mon apprentissage de la musique, Jimi Hendrix, Stevie Ray Vaughan, Janis Joplin, Otis Redding, le blues, rythm and blues, soul music \u2026<\/p>\n\n\n\n<p class=\"has-vivid-cyan-blue-color has-text-color\">C\u2019est un projet qui me tient \u00e0 coeur car j\u2019avais mis un peu de cot\u00e9 toutes ces influences depuis quelques ann\u00e9es et elle me reviennent aujourd\u2019hui avec la maturit\u00e9.<\/p>\n\n\n\n<p class=\"has-vivid-cyan-blue-color has-text-color\">Le groupe s&rsquo;appellera <strong>Blackbird and the Red Fish<\/strong>. Je serai entour\u00e9 de musiciens tr\u00e8s talentueux, Freddy Holleville, batteur et comp\u00e8re de la premi\u00e8re heure, Guillaume Mongens \u00e0 la basse et Louise Jarry au chant.<\/p>\n\n\n\n<p class=\"has-vivid-cyan-blue-color has-text-color\">C&rsquo;est un vrai r\u00e9gal de rejouer ce r\u00e9pertoire avec cette \u00e9quipe.<\/p>\n\n\n\n<p>Pegase-21 te souhaite de r\u00e9aliser ce projet et beaucoup de succ\u00e8s pour l&rsquo;avenir<\/p>\n","protected":false},"excerpt":{"rendered":"<p>\u00c9ric Legrand est un guitariste hors norme, aussi \u00e0 l&rsquo;aise dans le rock et le blues, musiques de ses premi\u00e8res &hellip; <a href=\"https:\/\/pegase-21.com\/index.php\/2021\/12\/29\/n-12-eric-legrand\/\" class=\"more-link\">Plus <span class=\"screen-reader-text\">n\u00b0 12 &#8211; \u00c9ric Legrand<\/span> <span class=\"meta-nav\">&rarr;<\/span><\/a><\/p>\n","protected":false},"author":1,"featured_media":2209,"comment_status":"open","ping_status":"open","sticky":false,"template":"","format":"standard","meta":[],"categories":[2],"tags":[],"_links":{"self":[{"href":"https:\/\/pegase-21.com\/index.php\/wp-json\/wp\/v2\/posts\/2150"}],"collection":[{"href":"https:\/\/pegase-21.com\/index.php\/wp-json\/wp\/v2\/posts"}],"about":[{"href":"https:\/\/pegase-21.com\/index.php\/wp-json\/wp\/v2\/types\/post"}],"author":[{"embeddable":true,"href":"https:\/\/pegase-21.com\/index.php\/wp-json\/wp\/v2\/users\/1"}],"replies":[{"embeddable":true,"href":"https:\/\/pegase-21.com\/index.php\/wp-json\/wp\/v2\/comments?post=2150"}],"version-history":[{"count":40,"href":"https:\/\/pegase-21.com\/index.php\/wp-json\/wp\/v2\/posts\/2150\/revisions"}],"predecessor-version":[{"id":2215,"href":"https:\/\/pegase-21.com\/index.php\/wp-json\/wp\/v2\/posts\/2150\/revisions\/2215"}],"wp:featuredmedia":[{"embeddable":true,"href":"https:\/\/pegase-21.com\/index.php\/wp-json\/wp\/v2\/media\/2209"}],"wp:attachment":[{"href":"https:\/\/pegase-21.com\/index.php\/wp-json\/wp\/v2\/media?parent=2150"}],"wp:term":[{"taxonomy":"category","embeddable":true,"href":"https:\/\/pegase-21.com\/index.php\/wp-json\/wp\/v2\/categories?post=2150"},{"taxonomy":"post_tag","embeddable":true,"href":"https:\/\/pegase-21.com\/index.php\/wp-json\/wp\/v2\/tags?post=2150"}],"curies":[{"name":"wp","href":"https:\/\/api.w.org\/{rel}","templated":true}]}}